{"id":475,"date":"2024-04-23T17:47:35","date_gmt":"2024-04-23T15:47:35","guid":{"rendered":"https:\/\/www.fnath-montpellier.fr\/?p=475"},"modified":"2024-04-23T18:16:28","modified_gmt":"2024-04-23T16:16:28","slug":"formation-fnath-du-22-avril-2024","status":"publish","type":"post","link":"https:\/\/www.fnath-montpellier.fr\/index.php\/2024\/04\/23\/formation-fnath-du-22-avril-2024\/","title":{"rendered":"Formation FNATH du 22-avril 2024"},"content":{"rendered":"\n<figure class=\"wp-block-image size-large\"><img loading=\"lazy\" decoding=\"async\" width=\"1024\" height=\"768\" src=\"https:\/\/www.fnath-montpellier.fr\/wp-content\/uploads\/2024\/04\/Formation-Ales-22-04-2024-1024x768.jpg\" alt=\"\" class=\"wp-image-478\" srcset=\"https:\/\/www.fnath-montpellier.fr\/wp-content\/uploads\/2024\/04\/Formation-Ales-22-04-2024-1024x768.jpg 1024w, https:\/\/www.fnath-montpellier.fr\/wp-content\/uploads\/2024\/04\/Formation-Ales-22-04-2024-300x225.jpg 300w, https:\/\/www.fnath-montpellier.fr\/wp-content\/uploads\/2024\/04\/Formation-Ales-22-04-2024-768x576.jpg 768w, https:\/\/www.fnath-montpellier.fr\/wp-content\/uploads\/2024\/04\/Formation-Ales-22-04-2024-1536x1152.jpg 1536w, https:\/\/www.fnath-montpellier.fr\/wp-content\/uploads\/2024\/04\/Formation-Ales-22-04-2024-2048x1536.jpg 2048w, https:\/\/www.fnath-montpellier.fr\/wp-content\/uploads\/2024\/04\/Formation-Ales-22-04-2024-600x450.jpg 600w\" sizes=\"auto, (max-width: 1024px) 100vw, 1024px\" \/><\/figure>\n\n\n\n<p>La formation de remise \u00e0 jour des r\u00e8glements et lois a \u00e9t\u00e9 r\u00e9alis\u00e9e \u00e0 Salindres (30) par le Groupement Occitanie EST. Cette formation a \u00e9t\u00e9 l&rsquo;occasion de faire le point sur les nouvelles r\u00e8glementations et pr\u00e9parer ensemble un mode d&rsquo;organisation pour faciliter l&rsquo;aide apport\u00e9e aux personnes en difficult\u00e9s.<br>Une occasion aussi de rencontrer les autres Sections et d&rsquo;aborder\/comparer ensemble les difficult\u00e9s rencontr\u00e9es et finalement \u00e9changer sur les \u00ab\u00a0astuces\u00a0\u00bb pour s&rsquo;am\u00e9liorer.<br>Bravo \u00e0 tous et en particulier \u00e0 Nelly, Elisabeth et Dominique qui se sont donn\u00e9es \u00ab\u00a0\u00e0 fond\u00a0\u00bb.<\/p>\n","protected":false},"excerpt":{"rendered":"<p>La formation de remise \u00e0 jour des r\u00e8glements et lois a \u00e9t\u00e9 r\u00e9alis\u00e9e \u00e0 Salindres (30) par le Groupement Occitanie<\/p>\n","protected":false},"author":1,"featured_media":0,"comment_status":"open","ping_status":"open","sticky":false,"template":"","format":"standard","meta":{"footnotes":""},"categories":[8],"tags":[],"class_list":["post-475","post","type-post","status-publish","format-standard","hentry","category-presentation-fnath"],"_links":{"self":[{"href":"https:\/\/www.fnath-montpellier.fr\/index.php\/wp-json\/wp\/v2\/posts\/475","targetHints":{"allow":["GET"]}}],"collection":[{"href":"https:\/\/www.fnath-montpellier.fr\/index.php\/wp-json\/wp\/v2\/posts"}],"about":[{"href":"https:\/\/www.fnath-montpellier.fr\/index.php\/wp-json\/wp\/v2\/types\/post"}],"author":[{"embeddable":true,"href":"https:\/\/www.fnath-montpellier.fr\/index.php\/wp-json\/wp\/v2\/users\/1"}],"replies":[{"embeddable":true,"href":"https:\/\/www.fnath-montpellier.fr\/index.php\/wp-json\/wp\/v2\/comments?post=475"}],"version-history":[{"count":3,"href":"https:\/\/www.fnath-montpellier.fr\/index.php\/wp-json\/wp\/v2\/posts\/475\/revisions"}],"predecessor-version":[{"id":483,"href":"https:\/\/www.fnath-montpellier.fr\/index.php\/wp-json\/wp\/v2\/posts\/475\/revisions\/483"}],"wp:attachment":[{"href":"https:\/\/www.fnath-montpellier.fr\/index.php\/wp-json\/wp\/v2\/media?parent=475"}],"wp:term":[{"taxonomy":"category","embeddable":true,"href":"https:\/\/www.fnath-montpellier.fr\/index.php\/wp-json\/wp\/v2\/categories?post=475"},{"taxonomy":"post_tag","embeddable":true,"href":"https:\/\/www.fnath-montpellier.fr\/index.php\/wp-json\/wp\/v2\/tags?post=475"}],"curies":[{"name":"wp","href":"https:\/\/api.w.org\/{rel}","templated":true}]}}