{"id":610,"date":"2024-05-31T12:03:59","date_gmt":"2024-05-31T10:03:59","guid":{"rendered":"https:\/\/www.fnath-montpellier.fr\/?p=610"},"modified":"2024-06-16T15:41:46","modified_gmt":"2024-06-16T13:41:46","slug":"reforme-des-retraites","status":"publish","type":"post","link":"https:\/\/www.fnath-montpellier.fr\/index.php\/2024\/05\/31\/reforme-des-retraites\/","title":{"rendered":"R\u00e9forme des Retraites"},"content":{"rendered":"\n<p><strong>L\u2019IMPACT POUR LES PERSONNES<\/strong> <strong>EN SITUATION DE HANDICAP<\/strong><\/p>\n\n\n\n<p>Dans le cadre de la r\u00e9forme des retraites, les dispositifs de retraite anticip\u00e9e ont \u00e9t\u00e9 modifi\u00e9s. Mises \u00e0 part les carri\u00e8res longues, la retraite anticip\u00e9e est possible pour les assur\u00e9s justifiant soit d\u2019un handicap lourd, d\u2019une incapacit\u00e9 permanente ou d\u2019une inaptitude.<\/p>\n\n\n<div class=\"wp-block-image\">\n<figure class=\"aligncenter size-full is-resized\"><img loading=\"lazy\" decoding=\"async\" width=\"1024\" height=\"355\" src=\"https:\/\/www.fnath-montpellier.fr\/wp-content\/uploads\/2024\/03\/image.png\" alt=\"\" class=\"wp-image-215\" style=\"width:115px\" srcset=\"https:\/\/www.fnath-montpellier.fr\/wp-content\/uploads\/2024\/03\/image.png 1024w, https:\/\/www.fnath-montpellier.fr\/wp-content\/uploads\/2024\/03\/image-300x104.png 300w, https:\/\/www.fnath-montpellier.fr\/wp-content\/uploads\/2024\/03\/image-768x266.png 768w\" sizes=\"auto, (max-width: 1024px) 100vw, 1024px\" \/><\/figure>\n<\/div>\n\n\n<p><strong>Voici les principaux changements op\u00e9r\u00e9s :<\/strong><\/p>\n\n\n\n<p>&#8211; 55 ans : l\u2019\u00e2ge minimal l\u00e9gal auquel il est possible de partir en cas de handicap lourd<\/p>\n\n\n\n<p>&#8211; 60 ans : l\u2019\u00e2ge minimal l\u00e9gal auquel il est possible de partir avec une <a><\/a>retraite \u00e0 taux plein lorsque son taux d\u2019IP (incapacit\u00e9 permanente) est d\u2019au moins 20 %<\/p>\n\n\n\n<p>&#8211; 62 ans : l\u2019\u00e2ge minimal l\u00e9gal auquel il est possible de partir lorsque son taux d\u2019IP est situ\u00e9 entre 10 et 19 % ou si l\u2019on b\u00e9n\u00e9ficie du nouveau dispositif de retraite anticip\u00e9e pour \u00ab inaptitude \u00bb<\/p>\n\n\n<div class=\"wp-block-image\">\n<figure class=\"aligncenter size-full is-resized\"><img loading=\"lazy\" decoding=\"async\" width=\"1024\" height=\"355\" src=\"https:\/\/www.fnath-montpellier.fr\/wp-content\/uploads\/2024\/03\/image.png\" alt=\"\" class=\"wp-image-215\" style=\"width:115px\" srcset=\"https:\/\/www.fnath-montpellier.fr\/wp-content\/uploads\/2024\/03\/image.png 1024w, https:\/\/www.fnath-montpellier.fr\/wp-content\/uploads\/2024\/03\/image-300x104.png 300w, https:\/\/www.fnath-montpellier.fr\/wp-content\/uploads\/2024\/03\/image-768x266.png 768w\" sizes=\"auto, (max-width: 1024px) 100vw, 1024px\" \/><\/figure>\n<\/div>\n\n\n<p>Vous faites partie des 100 000 personnes qui pourraient b\u00e9n\u00e9ficier chaque ann\u00e9e de ce nouveau dispositif ?<\/p>\n\n\n\n<p><strong>SI OUI, la FNATH &#8211; Association des accident\u00e9s de la vie &#8211; comp\u00e9tente dans ce domaine vous aidera \u00e0 constituer votre dossier retraite.<\/strong><\/p>\n\n\n\n<p>Vous pouvez nous rencontrer lors de nos permanences qui ont lieu dans vos communes ou bien nous contacter au 04 66 52 21 25  <a href=\"mailto:fnath.ales@orange.fr\">fnath.ales@orange.fr<\/a>  <a href=\"http:\/\/www.fnath.org.gard\" data-type=\"link\" data-id=\"www.fnath.org.gard\">www.fnath.org.gard<\/a><\/p>\n\n\n<div class=\"wp-block-image\">\n<figure class=\"aligncenter size-full is-resized\"><img loading=\"lazy\" decoding=\"async\" width=\"1024\" height=\"355\" src=\"https:\/\/www.fnath-montpellier.fr\/wp-content\/uploads\/2024\/03\/image.png\" alt=\"\" class=\"wp-image-215\" style=\"width:375px\" srcset=\"https:\/\/www.fnath-montpellier.fr\/wp-content\/uploads\/2024\/03\/image.png 1024w, https:\/\/www.fnath-montpellier.fr\/wp-content\/uploads\/2024\/03\/image-300x104.png 300w, https:\/\/www.fnath-montpellier.fr\/wp-content\/uploads\/2024\/03\/image-768x266.png 768w\" sizes=\"auto, (max-width: 1024px) 100vw, 1024px\" \/><\/figure>\n<\/div>","protected":false},"excerpt":{"rendered":"<p>L\u2019IMPACT POUR LES PERSONNES EN SITUATION DE HANDICAP Dans le cadre de la r\u00e9forme des retraites, les dispositifs de retraite<\/p>\n","protected":false},"author":1,"featured_media":0,"comment_status":"open","ping_status":"open","sticky":false,"template":"","format":"standard","meta":{"footnotes":""},"categories":[9,8],"tags":[],"class_list":["post-610","post","type-post","status-publish","format-standard","hentry","category-infos","category-presentation-fnath"],"_links":{"self":[{"href":"https:\/\/www.fnath-montpellier.fr\/index.php\/wp-json\/wp\/v2\/posts\/610","targetHints":{"allow":["GET"]}}],"collection":[{"href":"https:\/\/www.fnath-montpellier.fr\/index.php\/wp-json\/wp\/v2\/posts"}],"about":[{"href":"https:\/\/www.fnath-montpellier.fr\/index.php\/wp-json\/wp\/v2\/types\/post"}],"author":[{"embeddable":true,"href":"https:\/\/www.fnath-montpellier.fr\/index.php\/wp-json\/wp\/v2\/users\/1"}],"replies":[{"embeddable":true,"href":"https:\/\/www.fnath-montpellier.fr\/index.php\/wp-json\/wp\/v2\/comments?post=610"}],"version-history":[{"count":2,"href":"https:\/\/www.fnath-montpellier.fr\/index.php\/wp-json\/wp\/v2\/posts\/610\/revisions"}],"predecessor-version":[{"id":625,"href":"https:\/\/www.fnath-montpellier.fr\/index.php\/wp-json\/wp\/v2\/posts\/610\/revisions\/625"}],"wp:attachment":[{"href":"https:\/\/www.fnath-montpellier.fr\/index.php\/wp-json\/wp\/v2\/media?parent=610"}],"wp:term":[{"taxonomy":"category","embeddable":true,"href":"https:\/\/www.fnath-montpellier.fr\/index.php\/wp-json\/wp\/v2\/categories?post=610"},{"taxonomy":"post_tag","embeddable":true,"href":"https:\/\/www.fnath-montpellier.fr\/index.php\/wp-json\/wp\/v2\/tags?post=610"}],"curies":[{"name":"wp","href":"https:\/\/api.w.org\/{rel}","templated":true}]}}