{"id":617,"date":"2024-06-16T12:55:06","date_gmt":"2024-06-16T10:55:06","guid":{"rendered":"https:\/\/www.fnath-montpellier.fr\/?p=617"},"modified":"2024-06-16T13:01:16","modified_gmt":"2024-06-16T11:01:16","slug":"inauguration-salle-manuel-pazos","status":"publish","type":"post","link":"https:\/\/www.fnath-montpellier.fr\/index.php\/2024\/06\/16\/inauguration-salle-manuel-pazos\/","title":{"rendered":"Inauguration Salle Manuel PAZOS"},"content":{"rendered":"\n<div class=\"wp-block-media-text is-stacked-on-mobile\"><figure class=\"wp-block-media-text__media\"><img loading=\"lazy\" decoding=\"async\" width=\"1024\" height=\"768\" src=\"https:\/\/www.fnath-montpellier.fr\/wp-content\/uploads\/2024\/06\/IMG_4959-1024x768.jpg\" alt=\"\" class=\"wp-image-620 size-full\" srcset=\"https:\/\/www.fnath-montpellier.fr\/wp-content\/uploads\/2024\/06\/IMG_4959-1024x768.jpg 1024w, https:\/\/www.fnath-montpellier.fr\/wp-content\/uploads\/2024\/06\/IMG_4959-300x225.jpg 300w, https:\/\/www.fnath-montpellier.fr\/wp-content\/uploads\/2024\/06\/IMG_4959-768x576.jpg 768w, https:\/\/www.fnath-montpellier.fr\/wp-content\/uploads\/2024\/06\/IMG_4959-1536x1152.jpg 1536w, https:\/\/www.fnath-montpellier.fr\/wp-content\/uploads\/2024\/06\/IMG_4959-2048x1536.jpg 2048w, https:\/\/www.fnath-montpellier.fr\/wp-content\/uploads\/2024\/06\/IMG_4959-600x450.jpg 600w\" sizes=\"auto, (max-width: 1024px) 100vw, 1024px\" \/><\/figure><div class=\"wp-block-media-text__content\">\n<p>Inauguration de la salle Manuel PAZOS en pr\u00e9sence des \u00e9lus, de Mr le Maire Micka\u00ebl DELAFOSSE et son Adjointe aux services sociaux Mme Emilie CABELLO .<\/p>\n\n\n\n<p>La FNATH Section Montpellier-Centre H\u00e9rault \u00e9tait tr\u00e8s fi\u00e8re d\u2019\u00eatre convi\u00e9e pour participer \u00e0 ce moment important du quartier de la Pompignane.<\/p>\n<\/div><\/div>\n\n\n\n<div class=\"wp-block-media-text has-media-on-the-right is-stacked-on-mobile\"><div class=\"wp-block-media-text__content\">\n<p>Nous remercions les organisateurs de nous avoir accueilli si chaleureusement, et de nous inviter \u00e0 partager ce moment convivial qui nous a permis de rencontrer les habitants du Quartier de la Pompignane.<\/p>\n\n\n\n<p>Merci aussi (et surtout) \u00e0 Mme Emilie CABELLO qui nous a soutenu et nous fait confiance.<\/p>\n<\/div><figure class=\"wp-block-media-text__media\"><img loading=\"lazy\" decoding=\"async\" width=\"1024\" height=\"914\" src=\"https:\/\/www.fnath-montpellier.fr\/wp-content\/uploads\/2024\/06\/IMG_4963-scaled-e1718534601527-1024x914.jpg\" alt=\"\" class=\"wp-image-621 size-full\" srcset=\"https:\/\/www.fnath-montpellier.fr\/wp-content\/uploads\/2024\/06\/IMG_4963-scaled-e1718534601527-1024x914.jpg 1024w, https:\/\/www.fnath-montpellier.fr\/wp-content\/uploads\/2024\/06\/IMG_4963-scaled-e1718534601527-300x268.jpg 300w, https:\/\/www.fnath-montpellier.fr\/wp-content\/uploads\/2024\/06\/IMG_4963-scaled-e1718534601527-768x685.jpg 768w, https:\/\/www.fnath-montpellier.fr\/wp-content\/uploads\/2024\/06\/IMG_4963-scaled-e1718534601527-1536x1371.jpg 1536w, https:\/\/www.fnath-montpellier.fr\/wp-content\/uploads\/2024\/06\/IMG_4963-scaled-e1718534601527.jpg 1740w\" sizes=\"auto, (max-width: 1024px) 100vw, 1024px\" \/><\/figure><\/div>\n\n\n\n<div class=\"wp-block-media-text is-stacked-on-mobile\"><figure class=\"wp-block-media-text__media\"><img loading=\"lazy\" decoding=\"async\" width=\"1024\" height=\"664\" src=\"https:\/\/www.fnath-montpellier.fr\/wp-content\/uploads\/2024\/06\/IMG_4964-scaled-e1718534629934-1024x664.jpg\" alt=\"\" class=\"wp-image-622 size-full\" srcset=\"https:\/\/www.fnath-montpellier.fr\/wp-content\/uploads\/2024\/06\/IMG_4964-scaled-e1718534629934-1024x664.jpg 1024w, https:\/\/www.fnath-montpellier.fr\/wp-content\/uploads\/2024\/06\/IMG_4964-scaled-e1718534629934-300x194.jpg 300w, https:\/\/www.fnath-montpellier.fr\/wp-content\/uploads\/2024\/06\/IMG_4964-scaled-e1718534629934-768x498.jpg 768w, https:\/\/www.fnath-montpellier.fr\/wp-content\/uploads\/2024\/06\/IMG_4964-scaled-e1718534629934-1536x995.jpg 1536w, https:\/\/www.fnath-montpellier.fr\/wp-content\/uploads\/2024\/06\/IMG_4964-scaled-e1718534629934-2048x1327.jpg 2048w\" sizes=\"auto, (max-width: 1024px) 100vw, 1024px\" \/><\/figure><div class=\"wp-block-media-text__content\">\n<p>Une paella \u00ab\u00a0Gigantesque\u00a0\u00bb et d\u00e9licieuse , pr\u00e9par\u00e9e par les habitants du quartier et servie par la jeunesse , nous a permis de sceller une amiti\u00e9 partag\u00e9e.<\/p>\n<\/div><\/div>\n\n\n\n<div class=\"wp-block-media-text has-media-on-the-right is-stacked-on-mobile\"><div class=\"wp-block-media-text__content\">\n<p>Le slogan de la FNATH c&rsquo;est EFFICACE et SOLIDAIRE, c&rsquo;est ce que nous avons trouv\u00e9 ici \u00e0 Pazos.<\/p>\n<\/div><figure class=\"wp-block-media-text__media\"><img loading=\"lazy\" decoding=\"async\" width=\"1024\" height=\"572\" src=\"https:\/\/www.fnath-montpellier.fr\/wp-content\/uploads\/2024\/06\/image0000001-e1718534661151-1024x572.jpg\" alt=\"\" class=\"wp-image-618 size-full\" srcset=\"https:\/\/www.fnath-montpellier.fr\/wp-content\/uploads\/2024\/06\/image0000001-e1718534661151-1024x572.jpg 1024w, https:\/\/www.fnath-montpellier.fr\/wp-content\/uploads\/2024\/06\/image0000001-e1718534661151-300x167.jpg 300w, https:\/\/www.fnath-montpellier.fr\/wp-content\/uploads\/2024\/06\/image0000001-e1718534661151-768x429.jpg 768w, https:\/\/www.fnath-montpellier.fr\/wp-content\/uploads\/2024\/06\/image0000001-e1718534661151-1536x857.jpg 1536w, https:\/\/www.fnath-montpellier.fr\/wp-content\/uploads\/2024\/06\/image0000001-e1718534661151.jpg 1600w\" sizes=\"auto, (max-width: 1024px) 100vw, 1024px\" \/><\/figure><\/div>\n","protected":false},"excerpt":{"rendered":"<p>Inauguration de la salle Manuel PAZOS en pr\u00e9sence des \u00e9lus, de Mr le Maire Micka\u00ebl DELAFOSSE et son Adjointe aux<\/p>\n","protected":false},"author":1,"featured_media":0,"comment_status":"open","ping_status":"open","sticky":false,"template":"","format":"standard","meta":{"footnotes":""},"categories":[9,8],"tags":[],"class_list":["post-617","post","type-post","status-publish","format-standard","hentry","category-infos","category-presentation-fnath"],"_links":{"self":[{"href":"https:\/\/www.fnath-montpellier.fr\/index.php\/wp-json\/wp\/v2\/posts\/617","targetHints":{"allow":["GET"]}}],"collection":[{"href":"https:\/\/www.fnath-montpellier.fr\/index.php\/wp-json\/wp\/v2\/posts"}],"about":[{"href":"https:\/\/www.fnath-montpellier.fr\/index.php\/wp-json\/wp\/v2\/types\/post"}],"author":[{"embeddable":true,"href":"https:\/\/www.fnath-montpellier.fr\/index.php\/wp-json\/wp\/v2\/users\/1"}],"replies":[{"embeddable":true,"href":"https:\/\/www.fnath-montpellier.fr\/index.php\/wp-json\/wp\/v2\/comments?post=617"}],"version-history":[{"count":2,"href":"https:\/\/www.fnath-montpellier.fr\/index.php\/wp-json\/wp\/v2\/posts\/617\/revisions"}],"predecessor-version":[{"id":623,"href":"https:\/\/www.fnath-montpellier.fr\/index.php\/wp-json\/wp\/v2\/posts\/617\/revisions\/623"}],"wp:attachment":[{"href":"https:\/\/www.fnath-montpellier.fr\/index.php\/wp-json\/wp\/v2\/media?parent=617"}],"wp:term":[{"taxonomy":"category","embeddable":true,"href":"https:\/\/www.fnath-montpellier.fr\/index.php\/wp-json\/wp\/v2\/categories?post=617"},{"taxonomy":"post_tag","embeddable":true,"href":"https:\/\/www.fnath-montpellier.fr\/index.php\/wp-json\/wp\/v2\/tags?post=617"}],"curies":[{"name":"wp","href":"https:\/\/api.w.org\/{rel}","templated":true}]}}