{"id":668,"date":"2024-09-01T11:58:31","date_gmt":"2024-09-01T09:58:31","guid":{"rendered":"https:\/\/www.fnath-montpellier.fr\/?p=668"},"modified":"2024-09-11T09:53:02","modified_gmt":"2024-09-11T07:53:02","slug":"foires-aux-associations-2024","status":"publish","type":"post","link":"https:\/\/www.fnath-montpellier.fr\/index.php\/2024\/09\/01\/foires-aux-associations-2024\/","title":{"rendered":"Foires aux Associations Villeneuve les Maguelone  2024"},"content":{"rendered":"\n<p>Cette ann\u00e9e, c&rsquo;est le Forum des Associations de Villeneuve les Maguelone qui ouvre le bal des rencontres avec les adh\u00e9rents actuels et futurs. Beaucoup de visites au stand avec beaucoup de demandes de renseignements. Nous n&rsquo;\u00e9tions pas de trop \u00e0 5 membres pour r\u00e9pondre \u00e0 toutes les questions pos\u00e9es. De toutes \u00e9vidences la FNATH n&rsquo;est pas assez connue et on ne se renseigne parfois que lorsqu&rsquo;il est trop tard. <\/p>\n\n\n\n<p>La Section de Montpellier-Centre H\u00e9rault intensifie ses partenariats avec les inspections du travail ou les assistantes sociales pour faire connaitre les actions de la FNATH.<\/p>\n\n\n\n<figure class=\"wp-block-image size-large\"><img loading=\"lazy\" decoding=\"async\" width=\"1024\" height=\"768\" src=\"https:\/\/www.fnath-montpellier.fr\/wp-content\/uploads\/2024\/09\/2024-08-31-Foire-Asso-Villeneuve-1024x768.jpg\" alt=\"\" class=\"wp-image-669\" srcset=\"https:\/\/www.fnath-montpellier.fr\/wp-content\/uploads\/2024\/09\/2024-08-31-Foire-Asso-Villeneuve-1024x768.jpg 1024w, https:\/\/www.fnath-montpellier.fr\/wp-content\/uploads\/2024\/09\/2024-08-31-Foire-Asso-Villeneuve-300x225.jpg 300w, https:\/\/www.fnath-montpellier.fr\/wp-content\/uploads\/2024\/09\/2024-08-31-Foire-Asso-Villeneuve-768x576.jpg 768w, https:\/\/www.fnath-montpellier.fr\/wp-content\/uploads\/2024\/09\/2024-08-31-Foire-Asso-Villeneuve-1536x1152.jpg 1536w, https:\/\/www.fnath-montpellier.fr\/wp-content\/uploads\/2024\/09\/2024-08-31-Foire-Asso-Villeneuve-2048x1536.jpg 2048w, https:\/\/www.fnath-montpellier.fr\/wp-content\/uploads\/2024\/09\/2024-08-31-Foire-Asso-Villeneuve-600x450.jpg 600w\" sizes=\"auto, (max-width: 1024px) 100vw, 1024px\" \/><\/figure>\n\n\n\n<p>La FNATH on y vient pour soi et on y reste pour les autres, c&rsquo;est ce qu&rsquo;on appelle \u00eatre EFFICACE et SOLIDAIRE.<\/p>\n","protected":false},"excerpt":{"rendered":"<p>Cette ann\u00e9e, c&rsquo;est le Forum des Associations de Villeneuve les Maguelone qui ouvre le bal des rencontres avec les adh\u00e9rents<\/p>\n","protected":false},"author":1,"featured_media":0,"comment_status":"open","ping_status":"open","sticky":false,"template":"","format":"standard","meta":{"footnotes":""},"categories":[9,8],"tags":[15,16],"class_list":["post-668","post","type-post","status-publish","format-standard","hentry","category-infos","category-presentation-fnath","tag-fnath","tag-foire-associations"],"_links":{"self":[{"href":"https:\/\/www.fnath-montpellier.fr\/index.php\/wp-json\/wp\/v2\/posts\/668","targetHints":{"allow":["GET"]}}],"collection":[{"href":"https:\/\/www.fnath-montpellier.fr\/index.php\/wp-json\/wp\/v2\/posts"}],"about":[{"href":"https:\/\/www.fnath-montpellier.fr\/index.php\/wp-json\/wp\/v2\/types\/post"}],"author":[{"embeddable":true,"href":"https:\/\/www.fnath-montpellier.fr\/index.php\/wp-json\/wp\/v2\/users\/1"}],"replies":[{"embeddable":true,"href":"https:\/\/www.fnath-montpellier.fr\/index.php\/wp-json\/wp\/v2\/comments?post=668"}],"version-history":[{"count":4,"href":"https:\/\/www.fnath-montpellier.fr\/index.php\/wp-json\/wp\/v2\/posts\/668\/revisions"}],"predecessor-version":[{"id":688,"href":"https:\/\/www.fnath-montpellier.fr\/index.php\/wp-json\/wp\/v2\/posts\/668\/revisions\/688"}],"wp:attachment":[{"href":"https:\/\/www.fnath-montpellier.fr\/index.php\/wp-json\/wp\/v2\/media?parent=668"}],"wp:term":[{"taxonomy":"category","embeddable":true,"href":"https:\/\/www.fnath-montpellier.fr\/index.php\/wp-json\/wp\/v2\/categories?post=668"},{"taxonomy":"post_tag","embeddable":true,"href":"https:\/\/www.fnath-montpellier.fr\/index.php\/wp-json\/wp\/v2\/tags?post=668"}],"curies":[{"name":"wp","href":"https:\/\/api.w.org\/{rel}","templated":true}]}}