{"id":767,"date":"2025-02-15T16:58:09","date_gmt":"2025-02-15T15:58:09","guid":{"rendered":"https:\/\/www.fnath-montpellier.fr\/?p=767"},"modified":"2025-03-20T16:59:26","modified_gmt":"2025-03-20T15:59:26","slug":"assemblee-generale-du-11-fevrier-2025","status":"publish","type":"post","link":"https:\/\/www.fnath-montpellier.fr\/index.php\/2025\/02\/15\/assemblee-generale-du-11-fevrier-2025\/","title":{"rendered":"Assembl\u00e9e G\u00e9n\u00e9rale du 11 f\u00e9vrier 2025"},"content":{"rendered":"<div class=\"wp-block-image\">\n<figure class=\"aligncenter size-large is-resized\"><img loading=\"lazy\" decoding=\"async\" width=\"1024\" height=\"768\" src=\"https:\/\/www.fnath-montpellier.fr\/wp-content\/uploads\/2025\/03\/IMG_4041-1024x768.jpg\" alt=\"\" class=\"wp-image-770\" style=\"width:647px;height:auto\" srcset=\"https:\/\/www.fnath-montpellier.fr\/wp-content\/uploads\/2025\/03\/IMG_4041-1024x768.jpg 1024w, https:\/\/www.fnath-montpellier.fr\/wp-content\/uploads\/2025\/03\/IMG_4041-300x225.jpg 300w, https:\/\/www.fnath-montpellier.fr\/wp-content\/uploads\/2025\/03\/IMG_4041-768x576.jpg 768w, https:\/\/www.fnath-montpellier.fr\/wp-content\/uploads\/2025\/03\/IMG_4041-1536x1152.jpg 1536w, https:\/\/www.fnath-montpellier.fr\/wp-content\/uploads\/2025\/03\/IMG_4041-2048x1536.jpg 2048w, https:\/\/www.fnath-montpellier.fr\/wp-content\/uploads\/2025\/03\/IMG_4041-600x450.jpg 600w\" sizes=\"auto, (max-width: 1024px) 100vw, 1024px\" \/><\/figure>\n<\/div>\n\n\n<p>L&rsquo;Assembl\u00e9e G\u00e9n\u00e9rale 2025 s&rsquo;est d\u00e9roul\u00e9e \u00e0 al Salle Grammont de Montpellier. <br>Les personnes pr\u00e9sente ont eu la possibilit\u00e9 d&rsquo;entendre les r\u00e9solutions 2025 apr\u00e8s un bilan 2024 tr\u00e8s complet tant sur le plan moral que financier. Le Groupement Occitanie EST a fait un \u00e9tat des lieux des actions pass\u00e9es et des actions en cours. C&rsquo;\u00e9tait l\u00e0 une occasion pour les personnes pr\u00e9sentes de poser toutes les questions qu&rsquo;ils souhaitaient.<\/p>\n\n\n<div class=\"wp-block-image\">\n<figure class=\"aligncenter size-large is-resized\"><img loading=\"lazy\" decoding=\"async\" width=\"1024\" height=\"768\" src=\"https:\/\/www.fnath-montpellier.fr\/wp-content\/uploads\/2025\/03\/IMG_5525-1024x768.jpg\" alt=\"\" class=\"wp-image-769\" style=\"width:644px;height:auto\" srcset=\"https:\/\/www.fnath-montpellier.fr\/wp-content\/uploads\/2025\/03\/IMG_5525-1024x768.jpg 1024w, https:\/\/www.fnath-montpellier.fr\/wp-content\/uploads\/2025\/03\/IMG_5525-300x225.jpg 300w, https:\/\/www.fnath-montpellier.fr\/wp-content\/uploads\/2025\/03\/IMG_5525-768x576.jpg 768w, https:\/\/www.fnath-montpellier.fr\/wp-content\/uploads\/2025\/03\/IMG_5525-1536x1152.jpg 1536w, https:\/\/www.fnath-montpellier.fr\/wp-content\/uploads\/2025\/03\/IMG_5525-2048x1536.jpg 2048w, https:\/\/www.fnath-montpellier.fr\/wp-content\/uploads\/2025\/03\/IMG_5525-600x450.jpg 600w\" sizes=\"auto, (max-width: 1024px) 100vw, 1024px\" \/><\/figure>\n<\/div>\n\n\n<p class=\"has-text-align-center\"><strong>Une occasion aussi pour remettre la m\u00e9daille de FNATH \u00e0 Alain GASSENQ <br>pour toutes les ann\u00e9es pass\u00e9es (20 ans)au service des personnes en difficult\u00e9s<\/strong><\/p>\n\n\n\n<p><\/p>\n","protected":false},"excerpt":{"rendered":"<p>L&rsquo;Assembl\u00e9e G\u00e9n\u00e9rale 2025 s&rsquo;est d\u00e9roul\u00e9e \u00e0 al Salle Grammont de Montpellier. Les personnes pr\u00e9sente ont eu la possibilit\u00e9 d&rsquo;entendre les<\/p>\n","protected":false},"author":1,"featured_media":0,"comment_status":"open","ping_status":"open","sticky":false,"template":"","format":"standard","meta":{"footnotes":""},"categories":[9,17],"tags":[],"class_list":["post-767","post","type-post","status-publish","format-standard","hentry","category-infos","category-promotions"],"_links":{"self":[{"href":"https:\/\/www.fnath-montpellier.fr\/index.php\/wp-json\/wp\/v2\/posts\/767","targetHints":{"allow":["GET"]}}],"collection":[{"href":"https:\/\/www.fnath-montpellier.fr\/index.php\/wp-json\/wp\/v2\/posts"}],"about":[{"href":"https:\/\/www.fnath-montpellier.fr\/index.php\/wp-json\/wp\/v2\/types\/post"}],"author":[{"embeddable":true,"href":"https:\/\/www.fnath-montpellier.fr\/index.php\/wp-json\/wp\/v2\/users\/1"}],"replies":[{"embeddable":true,"href":"https:\/\/www.fnath-montpellier.fr\/index.php\/wp-json\/wp\/v2\/comments?post=767"}],"version-history":[{"count":2,"href":"https:\/\/www.fnath-montpellier.fr\/index.php\/wp-json\/wp\/v2\/posts\/767\/revisions"}],"predecessor-version":[{"id":771,"href":"https:\/\/www.fnath-montpellier.fr\/index.php\/wp-json\/wp\/v2\/posts\/767\/revisions\/771"}],"wp:attachment":[{"href":"https:\/\/www.fnath-montpellier.fr\/index.php\/wp-json\/wp\/v2\/media?parent=767"}],"wp:term":[{"taxonomy":"category","embeddable":true,"href":"https:\/\/www.fnath-montpellier.fr\/index.php\/wp-json\/wp\/v2\/categories?post=767"},{"taxonomy":"post_tag","embeddable":true,"href":"https:\/\/www.fnath-montpellier.fr\/index.php\/wp-json\/wp\/v2\/tags?post=767"}],"curies":[{"name":"wp","href":"https:\/\/api.w.org\/{rel}","templated":true}]}}