{"id":787,"date":"2025-05-14T08:33:01","date_gmt":"2025-05-14T06:33:01","guid":{"rendered":"https:\/\/www.fnath-montpellier.fr\/?p=787"},"modified":"2025-08-07T09:35:00","modified_gmt":"2025-08-07T07:35:00","slug":"permanences-a-pezenas","status":"publish","type":"post","link":"https:\/\/www.fnath-montpellier.fr\/index.php\/2025\/05\/14\/permanences-a-pezenas\/","title":{"rendered":"Permanences \u00e0 P\u00e9zenas"},"content":{"rendered":"\n<p>Reprise des permanences \u00e0 P\u00e9zenas, c&rsquo;est C\u00e9line SANCHEZ qui reprend le flambeau \u00e0 P\u00e9zenas. Depuis longtemps cette section a \u00e9t\u00e9 le fer de lance de la FNATH sur la r\u00e9gion et nous remercions Marl\u00e8ne MAURIN qui a dirig\u00e9 la Section pendant plus de 20 ans.<\/p>\n\n\n\n<p>Malheureusement les b\u00e9n\u00e9voles se font rares et prennent de l&rsquo;\u00e2ge ce qui fait que les permanences ont \u00e9t\u00e9 beaucoup plus espac\u00e9es et m\u00eame arr\u00eat\u00e9e faute de moyens humains et probl\u00e8mes de sant\u00e9. Pourtant la demande est forte sur le secteur car les personnes n&rsquo;h\u00e9sitaient pas \u00e0 se d\u00e9placer sur S\u00e8te ou Frontignan pour leurs dossiers.<\/p>\n\n\n\n<p>C\u00e9line SANCHEZ a donc d\u00e9cid\u00e9 de reprendre le flambeau pour nous aider \u00e0 \u00eatre pr\u00e9sent sur le secteur afin d&rsquo;\u00e9viter aux personnes en difficult\u00e9 (qui n&rsquo;ont pas toujours les moyens de se d\u00e9placer) d&rsquo;avoir \u00e0 aller vers d&rsquo;autres lieux de permanences. <\/p>\n\n\n\n<p>A compter du jeudi 15 mai 2025 de 9 h \u00e0 12 h Salle des Permanences, Place Boby Lapointe, 34120 P\u00e9zenas<\/p>\n\n\n\n<p>Bienvenue \u00e0 C\u00e9line&#8230;<\/p>\n\n\n\n<p><\/p>\n","protected":false},"excerpt":{"rendered":"<p>Reprise des permanences \u00e0 P\u00e9zenas, c&rsquo;est C\u00e9line SANCHEZ qui reprend le flambeau \u00e0 P\u00e9zenas. Depuis longtemps cette section a \u00e9t\u00e9<\/p>\n","protected":false},"author":1,"featured_media":0,"comment_status":"open","ping_status":"open","sticky":false,"template":"","format":"standard","meta":{"footnotes":""},"categories":[9,11],"tags":[],"class_list":["post-787","post","type-post","status-publish","format-standard","hentry","category-infos","category-permanences"],"_links":{"self":[{"href":"https:\/\/www.fnath-montpellier.fr\/index.php\/wp-json\/wp\/v2\/posts\/787","targetHints":{"allow":["GET"]}}],"collection":[{"href":"https:\/\/www.fnath-montpellier.fr\/index.php\/wp-json\/wp\/v2\/posts"}],"about":[{"href":"https:\/\/www.fnath-montpellier.fr\/index.php\/wp-json\/wp\/v2\/types\/post"}],"author":[{"embeddable":true,"href":"https:\/\/www.fnath-montpellier.fr\/index.php\/wp-json\/wp\/v2\/users\/1"}],"replies":[{"embeddable":true,"href":"https:\/\/www.fnath-montpellier.fr\/index.php\/wp-json\/wp\/v2\/comments?post=787"}],"version-history":[{"count":3,"href":"https:\/\/www.fnath-montpellier.fr\/index.php\/wp-json\/wp\/v2\/posts\/787\/revisions"}],"predecessor-version":[{"id":816,"href":"https:\/\/www.fnath-montpellier.fr\/index.php\/wp-json\/wp\/v2\/posts\/787\/revisions\/816"}],"wp:attachment":[{"href":"https:\/\/www.fnath-montpellier.fr\/index.php\/wp-json\/wp\/v2\/media?parent=787"}],"wp:term":[{"taxonomy":"category","embeddable":true,"href":"https:\/\/www.fnath-montpellier.fr\/index.php\/wp-json\/wp\/v2\/categories?post=787"},{"taxonomy":"post_tag","embeddable":true,"href":"https:\/\/www.fnath-montpellier.fr\/index.php\/wp-json\/wp\/v2\/tags?post=787"}],"curies":[{"name":"wp","href":"https:\/\/api.w.org\/{rel}","templated":true}]}}