{"id":843,"date":"2025-09-23T10:43:59","date_gmt":"2025-09-23T08:43:59","guid":{"rendered":"https:\/\/www.fnath-montpellier.fr\/?p=843"},"modified":"2025-09-23T10:43:59","modified_gmt":"2025-09-23T08:43:59","slug":"un-an-pazos-un-anniversaire-haut-en-couleur","status":"publish","type":"post","link":"https:\/\/www.fnath-montpellier.fr\/index.php\/2025\/09\/23\/un-an-pazos-un-anniversaire-haut-en-couleur\/","title":{"rendered":"Un an PAZOS : un anniversaire haut en couleur"},"content":{"rendered":"\n<p>Pour les 1 an de la Salle Manuel PAZOS situ\u00e9 \u00e0 Montpellier, toutes les associations qui \u0153uvrent sur cette structure se sont r\u00e9unies ce samedi 20 septembre pour souffler la premi\u00e8re bougie de la Salle Manuel PAZOS.<\/p>\n\n\n\n<p>Bien entendu la FNATH \u00e9tait pr\u00e9sente pour rencontrer le public venu nombreux pour demander des infos, exprimer un besoin ou simplement venir nous saluer .<\/p>\n\n\n\n<figure class=\"wp-block-image size-large\"><img loading=\"lazy\" decoding=\"async\" width=\"1024\" height=\"768\" src=\"https:\/\/www.fnath-montpellier.fr\/wp-content\/uploads\/2025\/09\/IMG_006594-1024x768.jpg\" alt=\"\" class=\"wp-image-844\" srcset=\"https:\/\/www.fnath-montpellier.fr\/wp-content\/uploads\/2025\/09\/IMG_006594-1024x768.jpg 1024w, https:\/\/www.fnath-montpellier.fr\/wp-content\/uploads\/2025\/09\/IMG_006594-300x225.jpg 300w, https:\/\/www.fnath-montpellier.fr\/wp-content\/uploads\/2025\/09\/IMG_006594-768x576.jpg 768w, https:\/\/www.fnath-montpellier.fr\/wp-content\/uploads\/2025\/09\/IMG_006594-1536x1152.jpg 1536w, https:\/\/www.fnath-montpellier.fr\/wp-content\/uploads\/2025\/09\/IMG_006594-2048x1536.jpg 2048w, https:\/\/www.fnath-montpellier.fr\/wp-content\/uploads\/2025\/09\/IMG_006594-600x450.jpg 600w\" sizes=\"auto, (max-width: 1024px) 100vw, 1024px\" \/><figcaption class=\"wp-element-caption\">Une \u00e9quipe de choc \u00e0 la rencontre du public<\/figcaption><\/figure>\n\n\n\n<p>Nous avons organis\u00e9 un parcours pour une mise en situation et monter ainsi la difficult\u00e9 rencontr\u00e9e par les personnes en situation de handicap lors des d\u00e9placements dans la vie de tous les jours. Ce parcours \u00e9tait compos\u00e9 de slaloms \u00e0 travers des plots au sol, et des obstacles rencontr\u00e9s couramment dans les d\u00e9placements en ville (trottoirs, mont\u00e9es d&rsquo;escaliers&#8230;.).  <\/p>\n\n\n\n<figure class=\"wp-block-image size-large\"><img loading=\"lazy\" decoding=\"async\" width=\"1024\" height=\"768\" src=\"https:\/\/www.fnath-montpellier.fr\/wp-content\/uploads\/2025\/09\/IMG_006585-1024x768.jpg\" alt=\"\" class=\"wp-image-845\" srcset=\"https:\/\/www.fnath-montpellier.fr\/wp-content\/uploads\/2025\/09\/IMG_006585-1024x768.jpg 1024w, https:\/\/www.fnath-montpellier.fr\/wp-content\/uploads\/2025\/09\/IMG_006585-300x225.jpg 300w, https:\/\/www.fnath-montpellier.fr\/wp-content\/uploads\/2025\/09\/IMG_006585-768x576.jpg 768w, https:\/\/www.fnath-montpellier.fr\/wp-content\/uploads\/2025\/09\/IMG_006585-1536x1152.jpg 1536w, https:\/\/www.fnath-montpellier.fr\/wp-content\/uploads\/2025\/09\/IMG_006585-2048x1536.jpg 2048w, https:\/\/www.fnath-montpellier.fr\/wp-content\/uploads\/2025\/09\/IMG_006585-600x450.jpg 600w\" sizes=\"auto, (max-width: 1024px) 100vw, 1024px\" \/><figcaption class=\"wp-element-caption\">Le parcours test\u00e9 par des adultes a mis en \u00e9vidence la difficult\u00e9 rencontr\u00e9e<\/figcaption><\/figure>\n\n\n\n<figure class=\"wp-block-image size-large\"><img loading=\"lazy\" decoding=\"async\" width=\"1024\" height=\"768\" src=\"https:\/\/www.fnath-montpellier.fr\/wp-content\/uploads\/2025\/09\/IMG_006587-1024x768.jpg\" alt=\"\" class=\"wp-image-846\" srcset=\"https:\/\/www.fnath-montpellier.fr\/wp-content\/uploads\/2025\/09\/IMG_006587-1024x768.jpg 1024w, https:\/\/www.fnath-montpellier.fr\/wp-content\/uploads\/2025\/09\/IMG_006587-300x225.jpg 300w, https:\/\/www.fnath-montpellier.fr\/wp-content\/uploads\/2025\/09\/IMG_006587-768x576.jpg 768w, https:\/\/www.fnath-montpellier.fr\/wp-content\/uploads\/2025\/09\/IMG_006587-1536x1152.jpg 1536w, https:\/\/www.fnath-montpellier.fr\/wp-content\/uploads\/2025\/09\/IMG_006587-2048x1536.jpg 2048w, https:\/\/www.fnath-montpellier.fr\/wp-content\/uploads\/2025\/09\/IMG_006587-600x450.jpg 600w\" sizes=\"auto, (max-width: 1024px) 100vw, 1024px\" \/><figcaption class=\"wp-element-caption\">C&rsquo;est aussi aupr\u00e8s des enfants du quartier que la r\u00e9sonnance a eu lieu avec une mise en situation <br>d&rsquo;abord prise comme un jeux mais qui a bien montr\u00e9 la difficult\u00e9 pour ces personnes en situation de handicap. <\/figcaption><\/figure>\n\n\n<div class=\"wp-block-image\">\n<figure class=\"aligncenter size-full\"><img loading=\"lazy\" decoding=\"async\" width=\"382\" height=\"404\" src=\"https:\/\/www.fnath-montpellier.fr\/wp-content\/uploads\/2025\/09\/VITAE-Le-Cres.jpg\" alt=\"\" class=\"wp-image-847\" srcset=\"https:\/\/www.fnath-montpellier.fr\/wp-content\/uploads\/2025\/09\/VITAE-Le-Cres.jpg 382w, https:\/\/www.fnath-montpellier.fr\/wp-content\/uploads\/2025\/09\/VITAE-Le-Cres-284x300.jpg 284w\" sizes=\"auto, (max-width: 382px) 100vw, 382px\" \/><\/figure>\n<\/div>\n\n\n<p class=\"has-text-align-center\"><strong>Nous tenons \u00e0 remercier tr\u00e8s chaleureusement la Soci\u00e9t\u00e9 VITAE situ\u00e9e :<br>60 route de N\u00eemes <\/strong><br><strong>34920 Le Cr\u00e8s <br>T\u00e9l : 04.67.52.11.98<\/strong><\/p>\n\n\n\n<p class=\"has-text-align-center\">Qui nous a pr\u00eat\u00e9 gracieusement les fauteuils pour ces d\u00e9monstrations<\/p>\n","protected":false},"excerpt":{"rendered":"<p>Pour les 1 an de la Salle Manuel PAZOS situ\u00e9 \u00e0 Montpellier, toutes les associations qui \u0153uvrent sur cette structure<\/p>\n","protected":false},"author":1,"featured_media":0,"comment_status":"open","ping_status":"open","sticky":false,"template":"","format":"standard","meta":{"footnotes":""},"categories":[9,8,17],"tags":[],"class_list":["post-843","post","type-post","status-publish","format-standard","hentry","category-infos","category-presentation-fnath","category-promotions"],"_links":{"self":[{"href":"https:\/\/www.fnath-montpellier.fr\/index.php\/wp-json\/wp\/v2\/posts\/843","targetHints":{"allow":["GET"]}}],"collection":[{"href":"https:\/\/www.fnath-montpellier.fr\/index.php\/wp-json\/wp\/v2\/posts"}],"about":[{"href":"https:\/\/www.fnath-montpellier.fr\/index.php\/wp-json\/wp\/v2\/types\/post"}],"author":[{"embeddable":true,"href":"https:\/\/www.fnath-montpellier.fr\/index.php\/wp-json\/wp\/v2\/users\/1"}],"replies":[{"embeddable":true,"href":"https:\/\/www.fnath-montpellier.fr\/index.php\/wp-json\/wp\/v2\/comments?post=843"}],"version-history":[{"count":1,"href":"https:\/\/www.fnath-montpellier.fr\/index.php\/wp-json\/wp\/v2\/posts\/843\/revisions"}],"predecessor-version":[{"id":848,"href":"https:\/\/www.fnath-montpellier.fr\/index.php\/wp-json\/wp\/v2\/posts\/843\/revisions\/848"}],"wp:attachment":[{"href":"https:\/\/www.fnath-montpellier.fr\/index.php\/wp-json\/wp\/v2\/media?parent=843"}],"wp:term":[{"taxonomy":"category","embeddable":true,"href":"https:\/\/www.fnath-montpellier.fr\/index.php\/wp-json\/wp\/v2\/categories?post=843"},{"taxonomy":"post_tag","embeddable":true,"href":"https:\/\/www.fnath-montpellier.fr\/index.php\/wp-json\/wp\/v2\/tags?post=843"}],"curies":[{"name":"wp","href":"https:\/\/api.w.org\/{rel}","templated":true}]}}